{"id":109,"date":"2023-09-12T00:09:24","date_gmt":"2023-09-11T22:09:24","guid":{"rendered":"https:\/\/wistrela.at\/diepraktischehausfrau\/?p=109"},"modified":"2023-09-20T15:04:26","modified_gmt":"2023-09-20T13:04:26","slug":"kirscheis","status":"publish","type":"post","link":"https:\/\/wistrela.at\/diepraktischehausfrau\/2023\/09\/12\/kirscheis\/","title":{"rendered":"Kirscheis"},"content":{"rendered":"<div class=\"wp-block-image\">\n<figure class=\"alignleft size-full is-resized\"><img loading=\"lazy\" decoding=\"async\" width=\"200\" height=\"162\" src=\"https:\/\/wistrela.at\/diepraktischehausfrau\/wp-content\/uploads\/2023\/09\/grafik.png\" alt=\"\" class=\"wp-image-110\" style=\"width:230px;height:auto\"\/><\/figure>\n<\/div>\n\n\n<p class=\"wp-block-paragraph\">Man sto\u00dfe 1 Liter ausgesteinte Kirschen , streiche sie durch ein Haarsieb und vermische sie mit einem dicken Sirup aus 550 Gramm Zucker in St\u00fcckchen, den man mit ein Achtel Liter frischem Wasser kalt aufgel\u00f6st hat.<br><br>Nun f\u00fcge man noch ein Achtel Liter Wasser bei und den vierten Teil der Kerne, die man im M\u00f6rser zersto\u00dfen hat. So l\u00e4\u00dft man die Masse eine Stunde lang stehen, gibt sie nochmals durch ein Sieb, dr\u00fcckt den Saft einer Zitrone daran und l\u00e4\u00dft gefrieren.<\/p>\n\n\n<div class=\"wp-block-image\">\n<figure class=\"aligncenter size-full\"><img loading=\"lazy\" decoding=\"async\" width=\"220\" height=\"57\" src=\"https:\/\/wistrela.at\/diepraktischehausfrau\/wp-content\/uploads\/2023\/09\/Zier08_280px-e1694469947673.png\" alt=\"\" class=\"wp-image-107\"\/><\/figure>\n<\/div>","protected":false},"excerpt":{"rendered":"<p>Man sto\u00dfe 1 Liter ausgesteinte Kirschen , streiche sie durch ein Haarsieb und vermische sie mit einem dicken Sirup aus 550 Gramm Zucker in St\u00fcckchen, den man mit ein Achtel Liter frischem Wasser kalt aufgel\u00f6st hat. Nun f\u00fcge man noch ein Achtel Liter Wasser bei und den vierten Teil der Kerne, die man im M\u00f6rser [&hellip;]<\/p>\n","protected":false},"author":1,"featured_media":0,"comment_status":"open","ping_status":"open","sticky":false,"template":"","format":"status","meta":{"_acf_changed":false,"_crdt_document":"","footnotes":""},"categories":[16,62],"tags":[21,22],"class_list":["post-109","post","type-post","status-publish","format-status","hentry","category-rezepte","category-suessegerichte-mehlspeisen","tag-eis","tag-kirschen","post_format-post-format-status"],"acf":[],"_links":{"self":[{"href":"https:\/\/wistrela.at\/diepraktischehausfrau\/wp-json\/wp\/v2\/posts\/109","targetHints":{"allow":["GET"]}}],"collection":[{"href":"https:\/\/wistrela.at\/diepraktischehausfrau\/wp-json\/wp\/v2\/posts"}],"about":[{"href":"https:\/\/wistrela.at\/diepraktischehausfrau\/wp-json\/wp\/v2\/types\/post"}],"author":[{"embeddable":true,"href":"https:\/\/wistrela.at\/diepraktischehausfrau\/wp-json\/wp\/v2\/users\/1"}],"replies":[{"embeddable":true,"href":"https:\/\/wistrela.at\/diepraktischehausfrau\/wp-json\/wp\/v2\/comments?post=109"}],"version-history":[{"count":1,"href":"https:\/\/wistrela.at\/diepraktischehausfrau\/wp-json\/wp\/v2\/posts\/109\/revisions"}],"predecessor-version":[{"id":111,"href":"https:\/\/wistrela.at\/diepraktischehausfrau\/wp-json\/wp\/v2\/posts\/109\/revisions\/111"}],"wp:attachment":[{"href":"https:\/\/wistrela.at\/diepraktischehausfrau\/wp-json\/wp\/v2\/media?parent=109"}],"wp:term":[{"taxonomy":"category","embeddable":true,"href":"https:\/\/wistrela.at\/diepraktischehausfrau\/wp-json\/wp\/v2\/categories?post=109"},{"taxonomy":"post_tag","embeddable":true,"href":"https:\/\/wistrela.at\/diepraktischehausfrau\/wp-json\/wp\/v2\/tags?post=109"}],"curies":[{"name":"wp","href":"https:\/\/api.w.org\/{rel}","templated":true}]}}