{"id":228,"date":"2023-09-20T13:20:16","date_gmt":"2023-09-20T11:20:16","guid":{"rendered":"https:\/\/wistrela.at\/diepraktischehausfrau\/?p=228"},"modified":"2023-09-20T13:20:17","modified_gmt":"2023-09-20T11:20:17","slug":"omelette-coelestine-1911","status":"publish","type":"post","link":"https:\/\/wistrela.at\/diepraktischehausfrau\/2023\/09\/20\/omelette-coelestine-1911\/","title":{"rendered":"Omelette C\u00f6lestine 1911"},"content":{"rendered":"\n<p class=\"wp-block-paragraph\">Es werden 8 frische Eier in einem Weidling mit 1\/8 Liter Obers nebst einer Prise Salz gut abgeschlagen und durch ein Sieb geseiht. Kurz vor dem Speisen werden hievon mit klarer Butter 3 gleiche Omeletten gebacken, welche einzeln auf einen Bogen Papier geschoben und, nachdem sie mit Orangenf\u00fclle stark bestrichen sind, flach \u00fcbereinander auf eine Sch\u00fcssel gelegt; bestreut die Omelette stark mit Zucker, brennt diesen mit einer gl\u00fchenden Schmarnschaufel und tr\u00e4gt sie sofort zu Tisch.<\/p>\n\n\n<div class=\"wp-block-image\">\n<figure class=\"aligncenter size-full\"><img loading=\"lazy\" decoding=\"async\" width=\"220\" height=\"57\" src=\"https:\/\/wistrela.at\/diepraktischehausfrau\/wp-content\/uploads\/2023\/09\/Zier08_280px-e1694469947673.png\" alt=\"Zierelement\" class=\"wp-image-107\"\/><\/figure>\n<\/div>","protected":false},"excerpt":{"rendered":"<p>Es werden 8 frische Eier in einem Weidling mit 1\/8 Liter Obers nebst einer Prise Salz gut abgeschlagen und durch ein Sieb geseiht. Kurz vor dem Speisen werden hievon mit klarer Butter 3 gleiche Omeletten gebacken, welche einzeln auf einen Bogen Papier geschoben und, nachdem sie mit Orangenf\u00fclle stark bestrichen sind, flach \u00fcbereinander auf eine [&hellip;]<\/p>\n","protected":false},"author":1,"featured_media":0,"comment_status":"open","ping_status":"open","sticky":false,"template":"","format":"status","meta":{"_acf_changed":false,"_crdt_document":"","footnotes":""},"categories":[16,62],"tags":[],"class_list":["post-228","post","type-post","status-publish","format-status","hentry","category-rezepte","category-suessegerichte-mehlspeisen","post_format-post-format-status"],"acf":[],"_links":{"self":[{"href":"https:\/\/wistrela.at\/diepraktischehausfrau\/wp-json\/wp\/v2\/posts\/228","targetHints":{"allow":["GET"]}}],"collection":[{"href":"https:\/\/wistrela.at\/diepraktischehausfrau\/wp-json\/wp\/v2\/posts"}],"about":[{"href":"https:\/\/wistrela.at\/diepraktischehausfrau\/wp-json\/wp\/v2\/types\/post"}],"author":[{"embeddable":true,"href":"https:\/\/wistrela.at\/diepraktischehausfrau\/wp-json\/wp\/v2\/users\/1"}],"replies":[{"embeddable":true,"href":"https:\/\/wistrela.at\/diepraktischehausfrau\/wp-json\/wp\/v2\/comments?post=228"}],"version-history":[{"count":1,"href":"https:\/\/wistrela.at\/diepraktischehausfrau\/wp-json\/wp\/v2\/posts\/228\/revisions"}],"predecessor-version":[{"id":229,"href":"https:\/\/wistrela.at\/diepraktischehausfrau\/wp-json\/wp\/v2\/posts\/228\/revisions\/229"}],"wp:attachment":[{"href":"https:\/\/wistrela.at\/diepraktischehausfrau\/wp-json\/wp\/v2\/media?parent=228"}],"wp:term":[{"taxonomy":"category","embeddable":true,"href":"https:\/\/wistrela.at\/diepraktischehausfrau\/wp-json\/wp\/v2\/categories?post=228"},{"taxonomy":"post_tag","embeddable":true,"href":"https:\/\/wistrela.at\/diepraktischehausfrau\/wp-json\/wp\/v2\/tags?post=228"}],"curies":[{"name":"wp","href":"https:\/\/api.w.org\/{rel}","templated":true}]}}