{"id":240,"date":"2023-09-20T14:12:51","date_gmt":"2023-09-20T12:12:51","guid":{"rendered":"https:\/\/wistrela.at\/diepraktischehausfrau\/?p=240"},"modified":"2023-09-20T16:30:59","modified_gmt":"2023-09-20T14:30:59","slug":"amerikanische-universal-schneidemaschine-1889","status":"publish","type":"post","link":"https:\/\/wistrela.at\/diepraktischehausfrau\/2023\/09\/20\/amerikanische-universal-schneidemaschine-1889\/","title":{"rendered":"Amerikanische Universal- Schneidemaschine. 1889"},"content":{"rendered":"\n<p class=\"wp-block-paragraph\">Amerika, das Land der Erfindungen, hat uns so oft schon Stoff zur Unterhaltung \u00fcber Neuheiten auf hauswirtschaftlichem Gebiete geboten, da\u00df wir uns stets freuen, neuen Erzeugnissen aus diesem Weltteil zu begegnen, wissen wir doch im voraus, welch reges Interesse unsere gesch\u00e4tzten Leserinnen gerade hauswirtschaftlichen Maschinen, sofern sie eine Erleichterung in der K\u00fcche schaffen, widmen.<\/p>\n\n\n<div class=\"wp-block-image\">\n<figure class=\"alignright size-full\"><img loading=\"lazy\" decoding=\"async\" width=\"500\" height=\"334\" src=\"https:\/\/wistrela.at\/diepraktischehausfrau\/wp-content\/uploads\/2023\/09\/AmerSchneidmasch_500px.jpg\" alt=\"\" class=\"wp-image-241\" srcset=\"https:\/\/wistrela.at\/diepraktischehausfrau\/wp-content\/uploads\/2023\/09\/AmerSchneidmasch_500px.jpg 500w, https:\/\/wistrela.at\/diepraktischehausfrau\/wp-content\/uploads\/2023\/09\/AmerSchneidmasch_500px-300x200.jpg 300w\" sizes=\"auto, (max-width: 500px) 100vw, 500px\" \/><\/figure>\n<\/div>\n\n\n<p class=\"wp-block-paragraph\">Der vorstehend abgebildete Apparat zeigt eine Universal-Schneidemaschine, d.h. eine Maschine, auf der man mit Leichtigkeit und gr\u00f6\u00dfter Schnelligkeit fast s\u00e4mtliche in der K\u00fcche zur Verwendung kommenden Gem\u00fcse ec. wie R\u00fcben, Gurken, Kohl, Kartoffeln usw. in durchaus gleichm\u00e4\u00dfige resp. gleichstarke Scheiben oder St\u00fccke zerschneiden kann. Der Apparat ist ganz aus Eisen gefertigt, mit 4 starken Stahlmessern versehen, die verstellbar sind, um je nach Bedarf feine oder st\u00e4rkere Scheiben zu schneiden, wird an den Tisch geschraubt und ohne jedwede besondere Vorrichtung in Betrieb gesetzt.<\/p>\n\n\n\n<p class=\"wp-block-paragraph\">Oben befindet sich eine Platte, auf welche die zu schneidenden Dinge gelegt werden, dahinter ist ein Schieber angebracht, vermittels dessen man das betreffende St\u00fcck an die Messer oder richtiger Messerscheibe herandr\u00fcckt, und wird diese letzte dann durch die auf der Skizze sichtbare Kurbel gedreht und zwar so schnell als m\u00f6glich.<\/p>\n\n\n\n<p class=\"wp-block-paragraph\">Man kann auf diese Weise etwa z.B. eine Wandel Gurken in h\u00f6chstens 8 bis 10 Minuten in Scheiben zerschneiden, feiner und gleichm\u00e4\u00dfiger, als es mit irgend einem anderen Instrument zu bewerkstelligen ist. Wir k\u00f6nnen diese Maschine aus eigener Erfahrung allen Hausfrauen angelegentlichst empfehlen.<\/p>\n\n\n\n<p class=\"wp-block-paragraph\">Bezugsquelle beider Novit\u00e4ten: Karl Hirsch &amp; Co, Berlin.<\/p>\n\n\n\n<p class=\"wp-block-paragraph\">Der Preis ist portofrei im Deutschen Reich und Oesterreich- Ungarn 6 Mark per St\u00fcck.<\/p>\n\n\n<div class=\"wp-block-image\">\n<figure class=\"aligncenter size-full\"><img loading=\"lazy\" decoding=\"async\" width=\"220\" height=\"57\" src=\"https:\/\/wistrela.at\/diepraktischehausfrau\/wp-content\/uploads\/2023\/09\/Zier08_280px-e1694469947673.png\" alt=\"Zierelement\" class=\"wp-image-107\"\/><\/figure>\n<\/div>","protected":false},"excerpt":{"rendered":"<p>Amerika, das Land der Erfindungen, hat uns so oft schon Stoff zur Unterhaltung \u00fcber Neuheiten auf hauswirtschaftlichem Gebiete geboten, da\u00df wir uns stets freuen, neuen Erzeugnissen aus diesem Weltteil zu begegnen, wissen wir doch im voraus, welch reges Interesse unsere gesch\u00e4tzten Leserinnen gerade hauswirtschaftlichen Maschinen, sofern sie eine Erleichterung in der K\u00fcche schaffen, widmen. Der [&hellip;]<\/p>\n","protected":false},"author":1,"featured_media":0,"comment_status":"open","ping_status":"open","sticky":false,"template":"","format":"aside","meta":{"_acf_changed":false,"_crdt_document":"","footnotes":""},"categories":[73],"tags":[78],"class_list":["post-240","post","type-post","status-publish","format-aside","hentry","category-neues-fuer-die-hausfrau","tag-kuechengeraete","post_format-post-format-aside"],"acf":[],"_links":{"self":[{"href":"https:\/\/wistrela.at\/diepraktischehausfrau\/wp-json\/wp\/v2\/posts\/240","targetHints":{"allow":["GET"]}}],"collection":[{"href":"https:\/\/wistrela.at\/diepraktischehausfrau\/wp-json\/wp\/v2\/posts"}],"about":[{"href":"https:\/\/wistrela.at\/diepraktischehausfrau\/wp-json\/wp\/v2\/types\/post"}],"author":[{"embeddable":true,"href":"https:\/\/wistrela.at\/diepraktischehausfrau\/wp-json\/wp\/v2\/users\/1"}],"replies":[{"embeddable":true,"href":"https:\/\/wistrela.at\/diepraktischehausfrau\/wp-json\/wp\/v2\/comments?post=240"}],"version-history":[{"count":1,"href":"https:\/\/wistrela.at\/diepraktischehausfrau\/wp-json\/wp\/v2\/posts\/240\/revisions"}],"predecessor-version":[{"id":242,"href":"https:\/\/wistrela.at\/diepraktischehausfrau\/wp-json\/wp\/v2\/posts\/240\/revisions\/242"}],"wp:attachment":[{"href":"https:\/\/wistrela.at\/diepraktischehausfrau\/wp-json\/wp\/v2\/media?parent=240"}],"wp:term":[{"taxonomy":"category","embeddable":true,"href":"https:\/\/wistrela.at\/diepraktischehausfrau\/wp-json\/wp\/v2\/categories?post=240"},{"taxonomy":"post_tag","embeddable":true,"href":"https:\/\/wistrela.at\/diepraktischehausfrau\/wp-json\/wp\/v2\/tags?post=240"}],"curies":[{"name":"wp","href":"https:\/\/api.w.org\/{rel}","templated":true}]}}