{"id":25,"date":"2023-08-25T00:10:36","date_gmt":"2023-08-24T22:10:36","guid":{"rendered":"https:\/\/wistrela.at\/diepraktischehausfrau\/?p=25"},"modified":"2023-10-08T13:48:28","modified_gmt":"2023-10-08T11:48:28","slug":"apfelsinen-kompott-1889","status":"publish","type":"post","link":"https:\/\/wistrela.at\/diepraktischehausfrau\/2023\/08\/25\/apfelsinen-kompott-1889\/","title":{"rendered":"Apfelsinen-Kompott 1889"},"content":{"rendered":"\n<p class=\"wp-block-paragraph\">Man schneide von 8 gleich gro\u00dfen, sch\u00f6nen Apfelsinen einen Deckel ab und h\u00f6hle sie vorsichtig aus, wonach man die Schale fein auszackt und von dem Herausgenommenen den Saft leicht auspresst. <\/p>\n\n\n<div class=\"wp-block-image\">\n<figure class=\"alignleft size-full is-resized\"><img loading=\"lazy\" decoding=\"async\" width=\"391\" height=\"366\" src=\"https:\/\/wistrela.at\/diepraktischehausfrau\/wp-content\/uploads\/2023\/10\/Orange.jpg\" alt=\"\" class=\"wp-image-406\" style=\"width:188px;height:auto\" srcset=\"https:\/\/wistrela.at\/diepraktischehausfrau\/wp-content\/uploads\/2023\/10\/Orange.jpg 391w, https:\/\/wistrela.at\/diepraktischehausfrau\/wp-content\/uploads\/2023\/10\/Orange-300x281.jpg 300w\" sizes=\"auto, (max-width: 391px) 100vw, 391px\" \/><\/figure>\n<\/div>\n\n\n<p class=\"wp-block-paragraph\">Man sch\u00e4le nun 8 andere Apfelsinen, l\u00f6se auch das wei\u00dfe H\u00e4utchen sorgsam ab, nehme die Kerne heraus und schneide die Apfelsinen in kleine St\u00fcckchen, welche man mit ebensoviel zerschnittenen eingemachten, gut abgetropften Kirschen vermengt. <\/p>\n\n\n\n<p class=\"wp-block-paragraph\">Der Saft der Apfelsinen wird mit 250g fein gesto\u00dfenem Zucker vermischt, \u00fcber das ganze gegossen, zugedeckt kaltgestellt und kurz vor dem Anrichten in die Apfelsinenschalen gef\u00fcllt. Dann lege man die Deckel auf und stecke frische Orangenbl\u00e4tter dazwischen. 1889<\/p>\n\n\n<div class=\"wp-block-image\">\n<figure class=\"aligncenter size-full\"><img loading=\"lazy\" decoding=\"async\" width=\"220\" height=\"57\" src=\"https:\/\/wistrela.at\/diepraktischehausfrau\/wp-content\/uploads\/2023\/09\/Zier08_280px-e1694469947673.png\" alt=\"Zierelement\" class=\"wp-image-107\"\/><\/figure>\n<\/div>","protected":false},"excerpt":{"rendered":"<p>Man schneide von 8 gleich gro\u00dfen, sch\u00f6nen Apfelsinen einen Deckel ab und h\u00f6hle sie vorsichtig aus, wonach man die Schale fein auszackt und von dem Herausgenommenen den Saft leicht auspresst. Man sch\u00e4le nun 8 andere Apfelsinen, l\u00f6se auch das wei\u00dfe H\u00e4utchen sorgsam ab, nehme die Kerne heraus und schneide die Apfelsinen in kleine St\u00fcckchen, welche [&hellip;]<\/p>\n","protected":false},"author":1,"featured_media":0,"comment_status":"open","ping_status":"open","sticky":false,"template":"","format":"status","meta":{"_acf_changed":false,"_crdt_document":"","footnotes":""},"categories":[16,62],"tags":[136,70,142,141],"class_list":["post-25","post","type-post","status-publish","format-status","hentry","category-rezepte","category-suessegerichte-mehlspeisen","tag-136","tag-apfelsinen","tag-kompott","tag-orangen","post_format-post-format-status"],"acf":[],"_links":{"self":[{"href":"https:\/\/wistrela.at\/diepraktischehausfrau\/wp-json\/wp\/v2\/posts\/25","targetHints":{"allow":["GET"]}}],"collection":[{"href":"https:\/\/wistrela.at\/diepraktischehausfrau\/wp-json\/wp\/v2\/posts"}],"about":[{"href":"https:\/\/wistrela.at\/diepraktischehausfrau\/wp-json\/wp\/v2\/types\/post"}],"author":[{"embeddable":true,"href":"https:\/\/wistrela.at\/diepraktischehausfrau\/wp-json\/wp\/v2\/users\/1"}],"replies":[{"embeddable":true,"href":"https:\/\/wistrela.at\/diepraktischehausfrau\/wp-json\/wp\/v2\/comments?post=25"}],"version-history":[{"count":4,"href":"https:\/\/wistrela.at\/diepraktischehausfrau\/wp-json\/wp\/v2\/posts\/25\/revisions"}],"predecessor-version":[{"id":408,"href":"https:\/\/wistrela.at\/diepraktischehausfrau\/wp-json\/wp\/v2\/posts\/25\/revisions\/408"}],"wp:attachment":[{"href":"https:\/\/wistrela.at\/diepraktischehausfrau\/wp-json\/wp\/v2\/media?parent=25"}],"wp:term":[{"taxonomy":"category","embeddable":true,"href":"https:\/\/wistrela.at\/diepraktischehausfrau\/wp-json\/wp\/v2\/categories?post=25"},{"taxonomy":"post_tag","embeddable":true,"href":"https:\/\/wistrela.at\/diepraktischehausfrau\/wp-json\/wp\/v2\/tags?post=25"}],"curies":[{"name":"wp","href":"https:\/\/api.w.org\/{rel}","templated":true}]}}