{"id":259,"date":"2023-09-20T15:24:11","date_gmt":"2023-09-20T13:24:11","guid":{"rendered":"https:\/\/wistrela.at\/diepraktischehausfrau\/?p=259"},"modified":"2023-09-20T16:31:16","modified_gmt":"2023-09-20T14:31:16","slug":"kuehlapparat-fuer-selterwasser-limonade-ect-1890","status":"publish","type":"post","link":"https:\/\/wistrela.at\/diepraktischehausfrau\/2023\/09\/20\/kuehlapparat-fuer-selterwasser-limonade-ect-1890\/","title":{"rendered":"K\u00fchlapparat f\u00fcr Selterwasser, Limonade, ect. 1890"},"content":{"rendered":"\n<p class=\"wp-block-paragraph\">In der gleichen Form und Ausstattung wie man bisher &#8222;Weink\u00fchler&#8220; hatte, erh\u00e4lt man jetzt auch solche f\u00fcr Selterwasser, so da\u00df man in der Lage ist, dieses Getr\u00e4nk bei Tische l\u00e4ngere Zeit kalt zu erhalten. Der Apparat ist von vernickeltem Metall hergestellt und mit zierlichen kleinen Griffen an beiden Seiten versehen. Es ist zugleich eine Zierde f\u00fcr die Tafel, gleich dem Weink\u00fchler.<\/p>\n\n\n<div class=\"wp-block-image\">\n<figure class=\"aligncenter size-full\"><img loading=\"lazy\" decoding=\"async\" width=\"800\" height=\"364\" src=\"https:\/\/wistrela.at\/diepraktischehausfrau\/wp-content\/uploads\/2023\/09\/Selterkuehlapparat_800px.jpg\" alt=\"\" class=\"wp-image-260\" srcset=\"https:\/\/wistrela.at\/diepraktischehausfrau\/wp-content\/uploads\/2023\/09\/Selterkuehlapparat_800px.jpg 800w, https:\/\/wistrela.at\/diepraktischehausfrau\/wp-content\/uploads\/2023\/09\/Selterkuehlapparat_800px-300x137.jpg 300w, https:\/\/wistrela.at\/diepraktischehausfrau\/wp-content\/uploads\/2023\/09\/Selterkuehlapparat_800px-768x349.jpg 768w\" sizes=\"auto, (max-width: 800px) 100vw, 800px\" \/><\/figure>\n<\/div>\n\n\n<p class=\"wp-block-paragraph\">Der oben abgebildete Zinkeinsatz, sowie das rechts abgebildete feine Kristallglas geh\u00f6ren zum Apparat, um eventuell auch ein Glas Bowle oder Limonade, aber auch nur reines Wasser kalt zu erhalten. Das Glas wird dann in den vorerw\u00e4hnten Einsatz gestellt, um es von au\u00dfen trocken zu erhalten, und das Ganze in den K\u00fchler hineingesetzt.. Rings um den Einsatz befindet sich , wie die obige Durchschnittszeichnung dartut, das Eis. Der neue K\u00fcchenapparat, der selbstverst\u00e4ndlich auch f\u00fcr Krankenzimmer empfehlenswert ist, hat einen Durchmesser von 11\u00bd cm und kostet im Etablissement\u00a0 durchschnittlich 6 Mark pro St\u00fcck.<\/p>\n\n\n<div class=\"wp-block-image\">\n<figure class=\"aligncenter size-full\"><img loading=\"lazy\" decoding=\"async\" width=\"220\" height=\"57\" src=\"https:\/\/wistrela.at\/diepraktischehausfrau\/wp-content\/uploads\/2023\/09\/Zier08_280px-e1694469947673.png\" alt=\"Zierelement\" class=\"wp-image-107\"\/><\/figure>\n<\/div>","protected":false},"excerpt":{"rendered":"<p>In der gleichen Form und Ausstattung wie man bisher &#8222;Weink\u00fchler&#8220; hatte, erh\u00e4lt man jetzt auch solche f\u00fcr Selterwasser, so da\u00df man in der Lage ist, dieses Getr\u00e4nk bei Tische l\u00e4ngere Zeit kalt zu erhalten. Der Apparat ist von vernickeltem Metall hergestellt und mit zierlichen kleinen Griffen an beiden Seiten versehen. Es ist zugleich eine Zierde [&hellip;]<\/p>\n","protected":false},"author":1,"featured_media":0,"comment_status":"open","ping_status":"open","sticky":false,"template":"","format":"aside","meta":{"_acf_changed":false,"_crdt_document":"","footnotes":""},"categories":[73],"tags":[83],"class_list":["post-259","post","type-post","status-publish","format-aside","hentry","category-neues-fuer-die-hausfrau","tag-sektkuehler","post_format-post-format-aside"],"acf":[],"_links":{"self":[{"href":"https:\/\/wistrela.at\/diepraktischehausfrau\/wp-json\/wp\/v2\/posts\/259","targetHints":{"allow":["GET"]}}],"collection":[{"href":"https:\/\/wistrela.at\/diepraktischehausfrau\/wp-json\/wp\/v2\/posts"}],"about":[{"href":"https:\/\/wistrela.at\/diepraktischehausfrau\/wp-json\/wp\/v2\/types\/post"}],"author":[{"embeddable":true,"href":"https:\/\/wistrela.at\/diepraktischehausfrau\/wp-json\/wp\/v2\/users\/1"}],"replies":[{"embeddable":true,"href":"https:\/\/wistrela.at\/diepraktischehausfrau\/wp-json\/wp\/v2\/comments?post=259"}],"version-history":[{"count":1,"href":"https:\/\/wistrela.at\/diepraktischehausfrau\/wp-json\/wp\/v2\/posts\/259\/revisions"}],"predecessor-version":[{"id":261,"href":"https:\/\/wistrela.at\/diepraktischehausfrau\/wp-json\/wp\/v2\/posts\/259\/revisions\/261"}],"wp:attachment":[{"href":"https:\/\/wistrela.at\/diepraktischehausfrau\/wp-json\/wp\/v2\/media?parent=259"}],"wp:term":[{"taxonomy":"category","embeddable":true,"href":"https:\/\/wistrela.at\/diepraktischehausfrau\/wp-json\/wp\/v2\/categories?post=259"},{"taxonomy":"post_tag","embeddable":true,"href":"https:\/\/wistrela.at\/diepraktischehausfrau\/wp-json\/wp\/v2\/tags?post=259"}],"curies":[{"name":"wp","href":"https:\/\/api.w.org\/{rel}","templated":true}]}}