{"id":266,"date":"2023-09-20T16:37:26","date_gmt":"2023-09-20T14:37:26","guid":{"rendered":"https:\/\/wistrela.at\/diepraktischehausfrau\/?p=266"},"modified":"2023-09-20T16:37:26","modified_gmt":"2023-09-20T14:37:26","slug":"kapernsauce-1889","status":"publish","type":"post","link":"https:\/\/wistrela.at\/diepraktischehausfrau\/2023\/09\/20\/kapernsauce-1889\/","title":{"rendered":"Kapernsauce 1889"},"content":{"rendered":"\n<p class=\"wp-block-paragraph\">Man vermische 60 g Butter mit einem E\u00dfl\u00f6ffel Mehl zu einem weichen Teig, tue ihn mit 3 Achtel Liter Wasser, einem kleinen Teel\u00f6ffel Salz, einer Prise Pfeffer und etwas Muskatnu\u00df in eine Kasserolle und r\u00fchre es auf dem Feuer bis es kochen will; wonach man es absetzt, den Saft einer Zitrone, noch 30 g gebr\u00f6ckelte Butter und zwei E\u00dfl\u00f6ffel Kapern daran tut\u00a0 und gut umr\u00fchrt, bis die Butter geschmolzen ist, darf aber nicht kochen und mu\u00df gleich serviert werden.<\/p>\n\n\n<div class=\"wp-block-image\">\n<figure class=\"aligncenter size-full\"><img loading=\"lazy\" decoding=\"async\" width=\"220\" height=\"57\" src=\"https:\/\/wistrela.at\/diepraktischehausfrau\/wp-content\/uploads\/2023\/09\/Zier08_280px-e1694469947673.png\" alt=\"Zierelement\" class=\"wp-image-107\"\/><\/figure>\n<\/div>","protected":false},"excerpt":{"rendered":"<p>Man vermische 60 g Butter mit einem E\u00dfl\u00f6ffel Mehl zu einem weichen Teig, tue ihn mit 3 Achtel Liter Wasser, einem kleinen Teel\u00f6ffel Salz, einer Prise Pfeffer und etwas Muskatnu\u00df in eine Kasserolle und r\u00fchre es auf dem Feuer bis es kochen will; wonach man es absetzt, den Saft einer Zitrone, noch 30 g gebr\u00f6ckelte [&hellip;]<\/p>\n","protected":false},"author":1,"featured_media":0,"comment_status":"open","ping_status":"open","sticky":false,"template":"","format":"status","meta":{"_acf_changed":false,"_crdt_document":"","footnotes":""},"categories":[16,88],"tags":[],"class_list":["post-266","post","type-post","status-publish","format-status","hentry","category-rezepte","category-saucen","post_format-post-format-status"],"acf":[],"_links":{"self":[{"href":"https:\/\/wistrela.at\/diepraktischehausfrau\/wp-json\/wp\/v2\/posts\/266","targetHints":{"allow":["GET"]}}],"collection":[{"href":"https:\/\/wistrela.at\/diepraktischehausfrau\/wp-json\/wp\/v2\/posts"}],"about":[{"href":"https:\/\/wistrela.at\/diepraktischehausfrau\/wp-json\/wp\/v2\/types\/post"}],"author":[{"embeddable":true,"href":"https:\/\/wistrela.at\/diepraktischehausfrau\/wp-json\/wp\/v2\/users\/1"}],"replies":[{"embeddable":true,"href":"https:\/\/wistrela.at\/diepraktischehausfrau\/wp-json\/wp\/v2\/comments?post=266"}],"version-history":[{"count":1,"href":"https:\/\/wistrela.at\/diepraktischehausfrau\/wp-json\/wp\/v2\/posts\/266\/revisions"}],"predecessor-version":[{"id":267,"href":"https:\/\/wistrela.at\/diepraktischehausfrau\/wp-json\/wp\/v2\/posts\/266\/revisions\/267"}],"wp:attachment":[{"href":"https:\/\/wistrela.at\/diepraktischehausfrau\/wp-json\/wp\/v2\/media?parent=266"}],"wp:term":[{"taxonomy":"category","embeddable":true,"href":"https:\/\/wistrela.at\/diepraktischehausfrau\/wp-json\/wp\/v2\/categories?post=266"},{"taxonomy":"post_tag","embeddable":true,"href":"https:\/\/wistrela.at\/diepraktischehausfrau\/wp-json\/wp\/v2\/tags?post=266"}],"curies":[{"name":"wp","href":"https:\/\/api.w.org\/{rel}","templated":true}]}}